{"id":11183,"date":"2016-06-24T00:00:00","date_gmt":"2016-06-23T22:00:00","guid":{"rendered":"https:\/\/batige.ch\/2016\/06\/24\/maison-darchitecte-en-alsace-moi-la-2000e-de-batige\/"},"modified":"2016-06-24T00:00:00","modified_gmt":"2016-06-23T22:00:00","slug":"maison-darchitecte-en-alsace-moi-la-2000e-de-batige","status":"publish","type":"post","link":"https:\/\/batige.ch\/fr\/maison-darchitecte-en-alsace-moi-la-2000e-de-batige\/","title":{"rendered":"Maison d\u2019architecte en Alsace : moi, la 2000e de Batige !"},"content":{"rendered":"<p>En 2016, Batige r\u00e9ussit l\u2019exploit de changer\u2026 de mill\u00e9naire. Le lotissement Le\u00a0 Jardin des Aub\u00e9pines \u00e0 Colmar s\u2019appr\u00eate en effet \u00e0 accueillir la 2000<sup>e<\/sup> maison individuelle de l\u2019histoire de la marque. Autoportrait de l\u2019heureuse \u00e9lue, entour\u00e9e de celles et ceux qui\u00a0 \u0153uvrent \u00e0 son chevet\u2026<\/p>\n<h2>Autoportrait de la 2000\u00e8me maison individuelle de Batige<\/h2>\n<p>Je le sens, tout le monde ne va parler que de moi. Je les vois d\u00e9j\u00e0, ces regards coquins qui me d\u00e9visageront plus ou moins discr\u00e8tement. En m\u00eame temps, sans fausse modestie, c\u2019est m\u00e9rit\u00e9, avec mes mensurations de top model\u00a0: 228,77m2 de plain-pied et 11 ares de terrain, \u00e7a vous parle\u00a0?<\/p>\n<p>Oui, osons-le, je vais \u00eatre une vraie <em>maison d\u2019architecte<\/em>. Gr\u00e2ce aux entrepreneurs locaux, aussi\u00a0: Karadag \u00e0 Rixheim pour le gros \u0153uvre, Electricit\u00e9 Roberto Bottoni \u00e0 Strueth pour mon \u00e9lectricit\u00e9, GL Etanch\u00e9it\u00e9 \u00e0 Sausheim pour ma protection contre les \u00e9l\u00e9ments naturels.<\/p>\n<p>Apr\u00e8s, vous me direz que le physique ne fait pas tout. Vous aurez raison. Il faut aussi faire preuve de classe. Demain, soyez-en s\u00fbrs, j\u2019en aurai \u00e0 revendre\u00a0: toit plat, verri\u00e8re \u00ab\u00a0skydome\u00a0\u00bb, fa\u00e7ade totalement vitr\u00e9e, fen\u00eatres alu, mes atouts souligneront mon c\u00f4t\u00e9 distingu\u00e9 de chez Batige. Et ce, encore, gr\u00e2ce aux entreprises r\u00e9gionales, de Sondenecker \u00e0 Didenheim pour la peinture \u00e0 Di Foggia de Vieux-Thann pour la chape en passant par le pl\u00e2trier Dos Santos &amp; Rosinha de Petit Landau. Apr\u00e8s tout, je vais me muer en <em>maison d\u2019architecte en Alsace<\/em>. A Colmar, s\u2019il vous pla\u00eet.<\/p>\n<h2>Une maison d&rsquo;architecte d\u2019Alsace<\/h2>\n<h3>Je suis la 2000<sup>e<\/sup> r\u00e9alisation<\/h3>\n<p>Du caract\u00e8re, du charme, et une s\u00e9duction qui ne s\u2019arr\u00eate pas aux arguments visibles\u00a0: imaginez que je serais \u00e9quip\u00e9e d\u2019un dispositif de cuvelage m\u2019isolant de la nappe phr\u00e9atique colmarienne\u00a0; pensez ensuite un peu \u00e0 mon isolation ext\u00e9rieure ; r\u00eavez enfin de la pompe \u00e0 chaleur qui, en g\u00e9othermie, alimentera r\u00e9seau d\u2019eau chaude et syst\u00e8me de chauffage. Moi, une <em>maison d\u2019architecte d\u2019Alsace<\/em>\u00a0? Bien s\u00fbr, et que vive le savoir-faire des locaux \u00e0 mon service, DS Design \u00e0 Rixheim au chevet de la serrurerie et l\u2019entreprise Leveque \u00e0 Pfastatt pour mon installation sanitaire et de chauffage.<\/p>\n<p>Et puis, il y a cette cerise sur le g\u00e2teau. La num\u00e9ro 2000 du groupe <em>Batige<\/em>, c\u2019est moi. Comment ne pas \u00eatre sp\u00e9ciale quand on a la chance que j\u2019ai ? D\u2019ici \u00e0 l\u2019automne prochain, je vais sortir de terre, fi\u00e8rement mais s\u00fbrement. Comme la vitrine d\u2019une marque qui vise l\u2019exception. J\u2019ai m\u00eame envie de dire, comme une v\u00e9ritable <em>maison d\u2019architecte<\/em> en plein Centre-<em>Alsace<\/em>.<\/p>\n","protected":false},"excerpt":{"rendered":"<p>En 2016, Batige r\u00e9ussit l\u2019exploit de changer\u2026 de mill\u00e9naire. Le lotissement Le\u00a0 Jardin des Aub\u00e9pines \u00e0 Colmar s\u2019appr\u00eate en effet \u00e0 accueillir la 2000e maison individuelle de l\u2019histoire de la marque. Autoportrait de l\u2019heureuse \u00e9lue, entour\u00e9e de celles et ceux qui\u00a0 \u0153uvrent \u00e0 son chevet\u2026 Autoportrait de la 2000\u00e8me maison individuelle de Batige Je le [&hellip;]<\/p>\n","protected":false},"author":2,"featured_media":11134,"comment_status":"open","ping_status":"open","sticky":false,"template":"","format":"standard","meta":[],"categories":[54],"tags":[],"acf":[],"jetpack_featured_media_url":"https:\/\/batige.ch\/wp-content\/uploads\/2017\/04\/20160422_093816_resized.jpg","jetpack_sharing_enabled":true,"_links":{"self":[{"href":"https:\/\/batige.ch\/fr\/wp-json\/wp\/v2\/posts\/11183"}],"collection":[{"href":"https:\/\/batige.ch\/fr\/wp-json\/wp\/v2\/posts"}],"about":[{"href":"https:\/\/batige.ch\/fr\/wp-json\/wp\/v2\/types\/post"}],"author":[{"embeddable":true,"href":"https:\/\/batige.ch\/fr\/wp-json\/wp\/v2\/users\/2"}],"replies":[{"embeddable":true,"href":"https:\/\/batige.ch\/fr\/wp-json\/wp\/v2\/comments?post=11183"}],"version-history":[{"count":0,"href":"https:\/\/batige.ch\/fr\/wp-json\/wp\/v2\/posts\/11183\/revisions"}],"wp:featuredmedia":[{"embeddable":true,"href":"https:\/\/batige.ch\/fr\/wp-json\/wp\/v2\/media\/11134"}],"wp:attachment":[{"href":"https:\/\/batige.ch\/fr\/wp-json\/wp\/v2\/media?parent=11183"}],"wp:term":[{"taxonomy":"category","embeddable":true,"href":"https:\/\/batige.ch\/fr\/wp-json\/wp\/v2\/categories?post=11183"},{"taxonomy":"post_tag","embeddable":true,"href":"https:\/\/batige.ch\/fr\/wp-json\/wp\/v2\/tags?post=11183"}],"curies":[{"name":"wp","href":"https:\/\/api.w.org\/{rel}","templated":true}]}}